{
    "id": 12329,
    "date": "2025-09-23T08:41:11",
    "date_gmt": "2025-09-23T05:41:11",
    "guid": {
        "rendered": "https:\/\/visitoulu.fi\/?p=12329"
    },
    "modified": "2025-09-23T15:24:38",
    "modified_gmt": "2025-09-23T12:24:38",
    "slug": "uusia-ja-vahvistuvia-lentoyhteyksia-ouluun",
    "status": "publish",
    "type": "post",
    "link": "http:\/\/visitoulufi-2025-10-14_10_27_17.test.cchosting.fi\/fi\/uusia-ja-vahvistuvia-lentoyhteyksia-ouluun\/",
    "title": {
        "rendered": "Uusia ja vahvistuvia lentoyhteyksi\u00e4 Ouluun \u2013 saavutettavuus paranee merkitt\u00e4v\u00e4sti"
    },
    "content": {
        "rendered": "<p>Oulun kansainv\u00e4linen ja kotimainen saavutettavuus saa merkitt\u00e4vi\u00e4 parannuksia uusien lentoreittien sek\u00e4 kapasiteettilis\u00e4ysten my\u00f6t\u00e4. Kehityksen taustalla on erityisesti Oulun asema vuoden 2026 Euroopan kulttuurip\u00e4\u00e4kaupunkina sek\u00e4 kaupungin vahvistuva rooli kansainv\u00e4lisen liiketoiminnan ja matkailun keskuksena.<\/p>\n\n\n\n<p><\/p>",
        "protected": false
    },
    "excerpt": {
        "rendered": "<p>Oulun kansainv\u00e4linen ja kotimainen saavutettavuus saa merkitt\u00e4vi\u00e4 parannuksia uusien lentoreittien sek\u00e4 kapasiteettilis\u00e4ysten my\u00f6t\u00e4. Kehityksen taustalla on erityisesti Oulun asema vuoden 2026 Euroopan kulttuurip\u00e4\u00e4kaupunkina sek\u00e4 kaupungin vahvistuva rooli kansainv\u00e4lisen liiketoiminnan ja matkailun keskuksena. [&#8230;]<\/p>\n<p><a class=\"btn btn-secondary understrap-read-more-link\" href=\"http:\/\/visitoulufi-2025-10-14_10_27_17.test.cchosting.fi\/fi\/uusia-ja-vahvistuvia-lentoyhteyksia-ouluun\/\">Lue lis\u00e4\u00e4&#8230;<span class=\"screen-reader-text\"> from Uusia ja vahvistuvia lentoyhteyksi\u00e4 Ouluun \u2013 saavutettavuus paranee merkitt\u00e4v\u00e4sti<\/span><\/a><\/p>",
        "protected": false
    },
    "author": 32,
    "featured_media": 12213,
    "comment_status": "closed",
    "ping_status": "open",
    "sticky": false,
    "template": "",
    "format": "standard",
    "meta": {
        "_acf_changed": false,
        "content-type": "",
        "footnotes": ""
    },
    "categories": [
        123
    ],
    "tags": [],
    "coauthors": [
        195
    ],
    "class_list": [
        "post-12329",
        "post",
        "type-post",
        "status-publish",
        "format-standard",
        "has-post-thumbnail",
        "hentry",
        "category-info-2"
    ],
    "acf": [],
    "yoast_head": "<!-- This site is optimized with the Yoast SEO plugin v26.0 - https:\/\/yoast.com\/wordpress\/plugins\/seo\/ -->\n<title>Uusia ja vahvistuvia lentoyhteyksi\u00e4 Ouluun \u2013 saavutettavuus paranee merkitt\u00e4v\u00e4sti - Visit Oulu<\/title>\n<meta name=\"robots\" content=\"index, follow, max-snippet:-1, max-image-preview:large, max-video-preview:-1\" \/>\n<link rel=\"canonical\" href=\"https:\/\/visitoulufi-2025-10-14_10_27_17.test.cchosting.fi\/fi\/uusia-ja-vahvistuvia-lentoyhteyksia-ouluun\/\" \/>\n<meta property=\"og:locale\" content=\"fi_FI\" \/>\n<meta property=\"og:type\" content=\"article\" \/>\n<meta property=\"og:title\" content=\"Uusia ja vahvistuvia lentoyhteyksi\u00e4 Ouluun \u2013 saavutettavuus paranee merkitt\u00e4v\u00e4sti - Visit Oulu\" \/>\n<meta property=\"og:description\" content=\"Oulun kansainv\u00e4linen ja kotimainen saavutettavuus saa merkitt\u00e4vi\u00e4 parannuksia uusien lentoreittien sek\u00e4 kapasiteettilis\u00e4ysten my\u00f6t\u00e4. Kehityksen taustalla on erityisesti Oulun asema vuoden 2026 Euroopan kulttuurip\u00e4\u00e4kaupunkina sek\u00e4 kaupungin vahvistuva rooli kansainv\u00e4lisen liiketoiminnan ja matkailun keskuksena. [...]Lue lis\u00e4\u00e4... from Uusia ja vahvistuvia lentoyhteyksi\u00e4 Ouluun \u2013 saavutettavuus paranee merkitt\u00e4v\u00e4sti\" \/>\n<meta property=\"og:url\" content=\"https:\/\/visitoulufi-2025-10-14_10_27_17.test.cchosting.fi\/fi\/uusia-ja-vahvistuvia-lentoyhteyksia-ouluun\/\" \/>\n<meta property=\"og:site_name\" content=\"Visit Oulu\" \/>\n<meta property=\"article:published_time\" content=\"2025-09-23T05:41:11+00:00\" \/>\n<meta property=\"article:modified_time\" content=\"2025-09-23T12:24:38+00:00\" \/>\n<meta property=\"og:image\" content=\"https:\/\/visitoulufi-2025-10-14_10_27_17.test.cchosting.fi\/wp-content\/uploads\/2025\/09\/Verkkosivuille33-1024x683.png\" \/>\n\t<meta property=\"og:image:width\" content=\"1024\" \/>\n\t<meta property=\"og:image:height\" content=\"683\" \/>\n\t<meta property=\"og:image:type\" content=\"image\/png\" \/>\n<meta name=\"author\" content=\"Rosa Ruuskanen\" \/>\n<meta name=\"twitter:card\" content=\"summary_large_image\" \/>\n<meta name=\"twitter:label1\" content=\"Kirjoittanut\" \/>\n\t<meta name=\"twitter:data1\" content=\"Rosa Ruuskanen\" \/>\n\t<meta name=\"twitter:label2\" content=\"Arvioitu lukuaika\" \/>\n\t<meta name=\"twitter:data2\" content=\"4 minuuttia\" \/>\n\t<meta name=\"twitter:label3\" content=\"Written by\" \/>\n\t<meta name=\"twitter:data3\" content=\"Rosa Ruuskanen\" \/>\n<script type=\"application\/ld+json\" class=\"yoast-schema-graph\">{\"@context\":\"https:\/\/schema.org\",\"@graph\":[{\"@type\":\"WebPage\",\"@id\":\"https:\/\/visitoulufi-2025-10-14_10_27_17.test.cchosting.fi\/uusia-ja-vahvistuvia-lentoyhteyksia-ouluun\/\",\"url\":\"https:\/\/visitoulufi-2025-10-14_10_27_17.test.cchosting.fi\/uusia-ja-vahvistuvia-lentoyhteyksia-ouluun\/\",\"name\":\"Uusia ja vahvistuvia lentoyhteyksi\u00e4 Ouluun \u2013 saavutettavuus paranee merkitt\u00e4v\u00e4sti - Visit Oulu\",\"isPartOf\":{\"@id\":\"https:\/\/visitoulufi-2025-10-14_10_27_17.test.cchosting.fi\/#website\"},\"primaryImageOfPage\":{\"@id\":\"https:\/\/visitoulufi-2025-10-14_10_27_17.test.cchosting.fi\/uusia-ja-vahvistuvia-lentoyhteyksia-ouluun\/#primaryimage\"},\"image\":{\"@id\":\"https:\/\/visitoulufi-2025-10-14_10_27_17.test.cchosting.fi\/uusia-ja-vahvistuvia-lentoyhteyksia-ouluun\/#primaryimage\"},\"thumbnailUrl\":\"https:\/\/visitoulufi-2025-10-14_10_27_17.test.cchosting.fi\/wp-content\/uploads\/2025\/09\/Verkkosivuille33.png\",\"datePublished\":\"2025-09-23T05:41:11+00:00\",\"dateModified\":\"2025-09-23T12:24:38+00:00\",\"author\":{\"@id\":\"https:\/\/visitoulufi-2025-10-14_10_27_17.test.cchosting.fi\/#\/schema\/person\/b8e5a4a1f07dd73554ffbbe2b8e8dc58\"},\"breadcrumb\":{\"@id\":\"https:\/\/visitoulufi-2025-10-14_10_27_17.test.cchosting.fi\/uusia-ja-vahvistuvia-lentoyhteyksia-ouluun\/#breadcrumb\"},\"inLanguage\":\"fi\",\"potentialAction\":[{\"@type\":\"ReadAction\",\"target\":[\"https:\/\/visitoulufi-2025-10-14_10_27_17.test.cchosting.fi\/uusia-ja-vahvistuvia-lentoyhteyksia-ouluun\/\"]}]},{\"@type\":\"ImageObject\",\"inLanguage\":\"fi\",\"@id\":\"https:\/\/visitoulufi-2025-10-14_10_27_17.test.cchosting.fi\/uusia-ja-vahvistuvia-lentoyhteyksia-ouluun\/#primaryimage\",\"url\":\"https:\/\/visitoulufi-2025-10-14_10_27_17.test.cchosting.fi\/wp-content\/uploads\/2025\/09\/Verkkosivuille33.png\",\"contentUrl\":\"https:\/\/visitoulufi-2025-10-14_10_27_17.test.cchosting.fi\/wp-content\/uploads\/2025\/09\/Verkkosivuille33.png\",\"width\":2048,\"height\":1365},{\"@type\":\"BreadcrumbList\",\"@id\":\"https:\/\/visitoulufi-2025-10-14_10_27_17.test.cchosting.fi\/uusia-ja-vahvistuvia-lentoyhteyksia-ouluun\/#breadcrumb\",\"itemListElement\":[{\"@type\":\"ListItem\",\"position\":1,\"name\":\"Etusivu\",\"item\":\"https:\/\/visitoulufi-2025-10-14_10_27_17.test.cchosting.fi\/\"},{\"@type\":\"ListItem\",\"position\":2,\"name\":\"Uusia ja vahvistuvia lentoyhteyksi\u00e4 Ouluun \u2013 saavutettavuus paranee merkitt\u00e4v\u00e4sti\"}]},{\"@type\":\"WebSite\",\"@id\":\"https:\/\/visitoulufi-2025-10-14_10_27_17.test.cchosting.fi\/#website\",\"url\":\"https:\/\/visitoulufi-2025-10-14_10_27_17.test.cchosting.fi\/\",\"name\":\"Visit Oulu\",\"description\":\"\",\"potentialAction\":[{\"@type\":\"SearchAction\",\"target\":{\"@type\":\"EntryPoint\",\"urlTemplate\":\"https:\/\/visitoulufi-2025-10-14_10_27_17.test.cchosting.fi\/?s={search_term_string}\"},\"query-input\":{\"@type\":\"PropertyValueSpecification\",\"valueRequired\":true,\"valueName\":\"search_term_string\"}}],\"inLanguage\":\"fi\"},{\"@type\":\"Person\",\"@id\":\"https:\/\/visitoulufi-2025-10-14_10_27_17.test.cchosting.fi\/#\/schema\/person\/b8e5a4a1f07dd73554ffbbe2b8e8dc58\",\"name\":\"Rosa Ruuskanen\",\"image\":{\"@type\":\"ImageObject\",\"inLanguage\":\"fi\",\"@id\":\"https:\/\/visitoulufi-2025-10-14_10_27_17.test.cchosting.fi\/#\/schema\/person\/image\/c5227ba7c3f401aa50ca43e56399553f\",\"url\":\"https:\/\/secure.gravatar.com\/avatar\/ccc3f3faaf914d7086285c9a5914ab5034c81ccd25f3274a6f036ce798271ae7?s=96&d=mm&r=g\",\"contentUrl\":\"https:\/\/secure.gravatar.com\/avatar\/ccc3f3faaf914d7086285c9a5914ab5034c81ccd25f3274a6f036ce798271ae7?s=96&d=mm&r=g\",\"caption\":\"Rosa Ruuskanen\"},\"url\":\"http:\/\/visitoulufi-2025-10-14_10_27_17.test.cchosting.fi\/fi\/author\/rosavisitoulu-fi\/\"}]}<\/script>\n<!-- \/ Yoast SEO plugin. -->",
    "yoast_head_json": {
        "title": "Uusia ja vahvistuvia lentoyhteyksi\u00e4 Ouluun \u2013 saavutettavuus paranee merkitt\u00e4v\u00e4sti - Visit Oulu",
        "robots": {
            "index": "index",
            "follow": "follow",
            "max-snippet": "max-snippet:-1",
            "max-image-preview": "max-image-preview:large",
            "max-video-preview": "max-video-preview:-1"
        },
        "canonical": "https:\/\/visitoulufi-2025-10-14_10_27_17.test.cchosting.fi\/fi\/uusia-ja-vahvistuvia-lentoyhteyksia-ouluun\/",
        "og_locale": "fi_FI",
        "og_type": "article",
        "og_title": "Uusia ja vahvistuvia lentoyhteyksi\u00e4 Ouluun \u2013 saavutettavuus paranee merkitt\u00e4v\u00e4sti - Visit Oulu",
        "og_description": "Oulun kansainv\u00e4linen ja kotimainen saavutettavuus saa merkitt\u00e4vi\u00e4 parannuksia uusien lentoreittien sek\u00e4 kapasiteettilis\u00e4ysten my\u00f6t\u00e4. Kehityksen taustalla on erityisesti Oulun asema vuoden 2026 Euroopan kulttuurip\u00e4\u00e4kaupunkina sek\u00e4 kaupungin vahvistuva rooli kansainv\u00e4lisen liiketoiminnan ja matkailun keskuksena. [...]Lue lis\u00e4\u00e4... from Uusia ja vahvistuvia lentoyhteyksi\u00e4 Ouluun \u2013 saavutettavuus paranee merkitt\u00e4v\u00e4sti",
        "og_url": "https:\/\/visitoulufi-2025-10-14_10_27_17.test.cchosting.fi\/fi\/uusia-ja-vahvistuvia-lentoyhteyksia-ouluun\/",
        "og_site_name": "Visit Oulu",
        "article_published_time": "2025-09-23T05:41:11+00:00",
        "article_modified_time": "2025-09-23T12:24:38+00:00",
        "og_image": [
            {
                "width": 1024,
                "height": 683,
                "url": "https:\/\/visitoulufi-2025-10-14_10_27_17.test.cchosting.fi\/wp-content\/uploads\/2025\/09\/Verkkosivuille33-1024x683.png",
                "type": "image\/png"
            }
        ],
        "author": "Rosa Ruuskanen",
        "twitter_card": "summary_large_image",
        "twitter_misc": {
            "Kirjoittanut": "Rosa Ruuskanen",
            "Arvioitu lukuaika": "4 minuuttia",
            "Written by": "Rosa Ruuskanen"
        },
        "schema": {
            "@context": "https:\/\/schema.org",
            "@graph": [
                {
                    "@type": "WebPage",
                    "@id": "https:\/\/visitoulufi-2025-10-14_10_27_17.test.cchosting.fi\/uusia-ja-vahvistuvia-lentoyhteyksia-ouluun\/",
                    "url": "https:\/\/visitoulufi-2025-10-14_10_27_17.test.cchosting.fi\/uusia-ja-vahvistuvia-lentoyhteyksia-ouluun\/",
                    "name": "Uusia ja vahvistuvia lentoyhteyksi\u00e4 Ouluun \u2013 saavutettavuus paranee merkitt\u00e4v\u00e4sti - Visit Oulu",
                    "isPartOf": {
                        "@id": "https:\/\/visitoulufi-2025-10-14_10_27_17.test.cchosting.fi\/#website"
                    },
                    "primaryImageOfPage": {
                        "@id": "https:\/\/visitoulufi-2025-10-14_10_27_17.test.cchosting.fi\/uusia-ja-vahvistuvia-lentoyhteyksia-ouluun\/#primaryimage"
                    },
                    "image": {
                        "@id": "https:\/\/visitoulufi-2025-10-14_10_27_17.test.cchosting.fi\/uusia-ja-vahvistuvia-lentoyhteyksia-ouluun\/#primaryimage"
                    },
                    "thumbnailUrl": "https:\/\/visitoulufi-2025-10-14_10_27_17.test.cchosting.fi\/wp-content\/uploads\/2025\/09\/Verkkosivuille33.png",
                    "datePublished": "2025-09-23T05:41:11+00:00",
                    "dateModified": "2025-09-23T12:24:38+00:00",
                    "author": {
                        "@id": "https:\/\/visitoulufi-2025-10-14_10_27_17.test.cchosting.fi\/#\/schema\/person\/b8e5a4a1f07dd73554ffbbe2b8e8dc58"
                    },
                    "breadcrumb": {
                        "@id": "https:\/\/visitoulufi-2025-10-14_10_27_17.test.cchosting.fi\/uusia-ja-vahvistuvia-lentoyhteyksia-ouluun\/#breadcrumb"
                    },
                    "inLanguage": "fi",
                    "potentialAction": [
                        {
                            "@type": "ReadAction",
                            "target": [
                                "https:\/\/visitoulufi-2025-10-14_10_27_17.test.cchosting.fi\/uusia-ja-vahvistuvia-lentoyhteyksia-ouluun\/"
                            ]
                        }
                    ]
                },
                {
                    "@type": "ImageObject",
                    "inLanguage": "fi",
                    "@id": "https:\/\/visitoulufi-2025-10-14_10_27_17.test.cchosting.fi\/uusia-ja-vahvistuvia-lentoyhteyksia-ouluun\/#primaryimage",
                    "url": "https:\/\/visitoulufi-2025-10-14_10_27_17.test.cchosting.fi\/wp-content\/uploads\/2025\/09\/Verkkosivuille33.png",
                    "contentUrl": "https:\/\/visitoulufi-2025-10-14_10_27_17.test.cchosting.fi\/wp-content\/uploads\/2025\/09\/Verkkosivuille33.png",
                    "width": 2048,
                    "height": 1365
                },
                {
                    "@type": "BreadcrumbList",
                    "@id": "https:\/\/visitoulufi-2025-10-14_10_27_17.test.cchosting.fi\/uusia-ja-vahvistuvia-lentoyhteyksia-ouluun\/#breadcrumb",
                    "itemListElement": [
                        {
                            "@type": "ListItem",
                            "position": 1,
                            "name": "Etusivu",
                            "item": "https:\/\/visitoulufi-2025-10-14_10_27_17.test.cchosting.fi\/"
                        },
                        {
                            "@type": "ListItem",
                            "position": 2,
                            "name": "Uusia ja vahvistuvia lentoyhteyksi\u00e4 Ouluun \u2013 saavutettavuus paranee merkitt\u00e4v\u00e4sti"
                        }
                    ]
                },
                {
                    "@type": "WebSite",
                    "@id": "https:\/\/visitoulufi-2025-10-14_10_27_17.test.cchosting.fi\/#website",
                    "url": "https:\/\/visitoulufi-2025-10-14_10_27_17.test.cchosting.fi\/",
                    "name": "Visit Oulu",
                    "description": "",
                    "potentialAction": [
                        {
                            "@type": "SearchAction",
                            "target": {
                                "@type": "EntryPoint",
                                "urlTemplate": "https:\/\/visitoulufi-2025-10-14_10_27_17.test.cchosting.fi\/?s={search_term_string}"
                            },
                            "query-input": {
                                "@type": "PropertyValueSpecification",
                                "valueRequired": true,
                                "valueName": "search_term_string"
                            }
                        }
                    ],
                    "inLanguage": "fi"
                },
                {
                    "@type": "Person",
                    "@id": "https:\/\/visitoulufi-2025-10-14_10_27_17.test.cchosting.fi\/#\/schema\/person\/b8e5a4a1f07dd73554ffbbe2b8e8dc58",
                    "name": "Rosa Ruuskanen",
                    "image": {
                        "@type": "ImageObject",
                        "inLanguage": "fi",
                        "@id": "https:\/\/visitoulufi-2025-10-14_10_27_17.test.cchosting.fi\/#\/schema\/person\/image\/c5227ba7c3f401aa50ca43e56399553f",
                        "url": "https:\/\/secure.gravatar.com\/avatar\/ccc3f3faaf914d7086285c9a5914ab5034c81ccd25f3274a6f036ce798271ae7?s=96&d=mm&r=g",
                        "contentUrl": "https:\/\/secure.gravatar.com\/avatar\/ccc3f3faaf914d7086285c9a5914ab5034c81ccd25f3274a6f036ce798271ae7?s=96&d=mm&r=g",
                        "caption": "Rosa Ruuskanen"
                    },
                    "url": "http:\/\/visitoulufi-2025-10-14_10_27_17.test.cchosting.fi\/fi\/author\/rosavisitoulu-fi\/"
                }
            ]
        }
    },
    "_links": {
        "self": [
            {
                "href": "http:\/\/visitoulufi-2025-10-14_10_27_17.test.cchosting.fi\/fi\/wp-json\/wp\/v2\/posts\/12329",
                "targetHints": {
                    "allow": [
                        "GET"
                    ]
                }
            }
        ],
        "collection": [
            {
                "href": "http:\/\/visitoulufi-2025-10-14_10_27_17.test.cchosting.fi\/fi\/wp-json\/wp\/v2\/posts"
            }
        ],
        "about": [
            {
                "href": "http:\/\/visitoulufi-2025-10-14_10_27_17.test.cchosting.fi\/fi\/wp-json\/wp\/v2\/types\/post"
            }
        ],
        "author": [
            {
                "embeddable": true,
                "href": "http:\/\/visitoulufi-2025-10-14_10_27_17.test.cchosting.fi\/fi\/wp-json\/wp\/v2\/users\/32"
            }
        ],
        "replies": [
            {
                "embeddable": true,
                "href": "http:\/\/visitoulufi-2025-10-14_10_27_17.test.cchosting.fi\/fi\/wp-json\/wp\/v2\/comments?post=12329"
            }
        ],
        "version-history": [
            {
                "count": 10,
                "href": "http:\/\/visitoulufi-2025-10-14_10_27_17.test.cchosting.fi\/fi\/wp-json\/wp\/v2\/posts\/12329\/revisions"
            }
        ],
        "predecessor-version": [
            {
                "id": 12366,
                "href": "http:\/\/visitoulufi-2025-10-14_10_27_17.test.cchosting.fi\/fi\/wp-json\/wp\/v2\/posts\/12329\/revisions\/12366"
            }
        ],
        "wp:featuredmedia": [
            {
                "embeddable": true,
                "href": "http:\/\/visitoulufi-2025-10-14_10_27_17.test.cchosting.fi\/fi\/wp-json\/wp\/v2\/media\/12213"
            }
        ],
        "wp:attachment": [
            {
                "href": "http:\/\/visitoulufi-2025-10-14_10_27_17.test.cchosting.fi\/fi\/wp-json\/wp\/v2\/media?parent=12329"
            }
        ],
        "wp:term": [
            {
                "taxonomy": "category",
                "embeddable": true,
                "href": "http:\/\/visitoulufi-2025-10-14_10_27_17.test.cchosting.fi\/fi\/wp-json\/wp\/v2\/categories?post=12329"
            },
            {
                "taxonomy": "post_tag",
                "embeddable": true,
                "href": "http:\/\/visitoulufi-2025-10-14_10_27_17.test.cchosting.fi\/fi\/wp-json\/wp\/v2\/tags?post=12329"
            },
            {
                "taxonomy": "author",
                "embeddable": true,
                "href": "http:\/\/visitoulufi-2025-10-14_10_27_17.test.cchosting.fi\/fi\/wp-json\/wp\/v2\/coauthors?post=12329"
            }
        ],
        "curies": [
            {
                "name": "wp",
                "href": "https:\/\/api.w.org\/{rel}",
                "templated": true
            }
        ]
    }
}